{"id":2316,"date":"2026-03-11T08:01:10","date_gmt":"2026-03-11T07:01:10","guid":{"rendered":"https:\/\/sensorini.pl\/integracja-sensoryczna\/czy-terapia-reki-pomaga-w-samodzielnosci-ubieranie-jedzenie"},"modified":"2026-03-11T08:01:10","modified_gmt":"2026-03-11T07:01:10","slug":"czy-terapia-reki-pomaga-w-samodzielnosci-ubieranie-jedzenie","status":"publish","type":"post","link":"https:\/\/sensorini.pl\/integracja-sensoryczna\/czy-terapia-reki-pomaga-w-samodzielnosci-ubieranie-jedzenie","title":{"rendered":"Czy terapia r\u0119ki pomaga w samodzielno\u015bci (ubieranie, jedzenie)?"},"content":{"rendered":"<h2>Terapia r\u0119ki samodzielno\u015b\u0107 &#8211; dlaczego jest tak wa\u017cna w codziennym funkcjonowaniu dziecka?<\/h2>\n<p>\nJako terapeutka prowadz\u0105ca gabinet integracji sensorycznej dla dzieci w Olsztynie, na co dzie\u0144 widz\u0119, jak ogromnie wa\u017cne s\u0105 umiej\u0119tno\u015bci manualne w \u017cyciu dziecka. <strong>Terapia r\u0119ki samodzielno\u015b\u0107<\/strong> to poj\u0119cie kt\u00f3re coraz cz\u0119\u015bciej pojawia si\u0119 w pytaniach rodzic\u00f3w odwiedzaj\u0105cych m\u00f3j gabinet.  Wielu rodzic\u00f3w martwi si\u0119, gdy ich dziecko ma trudno\u015bci z ubieraniem si\u0119, jedzeniem czy wykonywaniem innych prostych czynno\u015bci . Warto wiedzie\u0107, \u017ce w\u0142a\u015bciwie prowadzona terapia r\u0119ki potrafi zdzia\u0142a\u0107 cuda i znacz\u0105co poprawi\u0107 poziom samodzielno\u015bci najm\u0142odszych .\n<\/p>\n<p>\nWczesna interwencja i zauwa\u017cenie problem\u00f3w w zakresie motoryki ma\u0142ej to pierwszy krok do sukcesu.  Je\u015bli zauwa\u017casz, \u017ce Twoje dziecko m\u0119czy si\u0119 przy guzikach, niech\u0119tnie rysuje lub nie lubi u\u017cywa\u0107 sztu\u0107c\u00f3w, by\u0107 mo\u017ce warto zg\u0142\u0119bi\u0107 temat terapii r\u0119ki.  O tym, z czego mog\u0105 wynika\u0107 inne trudno\u015bci &#8211; na przyk\u0142ad nadruchliwo\u015b\u0107 &#8211; przeczytasz wi\u0119cej <a href=\"https:\/\/sensorini.pl\/integracja-sensoryczna\/czy-nadruchliwosc-u-dziecka-moze-wynikac-z-podprzedsionkowosci\">w naszym artykule o nadruchliwo\u015bci i podprzedsionkowo\u015bci<\/a> .\n<\/p>\n<h2>Terapia r\u0119ki samodzielno\u015b\u0107 &#8211; jak wygl\u0105da praca nad tym obszarem?<\/h2>\n<p>\nPodczas terapii r\u0119ki skupiamy si\u0119 na wzmacnianiu mi\u0119\u015bni d\u0142oni, palc\u00f3w i ramion ale te\u017c na poprawie koordynacji wzrokowo-ruchowej .  Zawsze t\u0142umacz\u0119 rodzicom \u017ce <strong>terapia r\u0119ki samodzielno\u015b\u0107<\/strong> to proces.  Ka\u017cde dziecko jest inne &#8211; dla jednego trudno\u015bci\u0105 b\u0119dzie u\u017cywanie \u0142y\u017cki, dla innego zapinanie guzik\u00f3w.  Zaj\u0119cia zawsze dostosowuj\u0119 do potrzeb dziecka by by\u0142y zar\u00f3wno efektywne, jak i przyjemne.\n<\/p>\n<p>\nZaskakuj\u0105ce bywa jak du\u017co dzieci, kt\u00f3re maj\u0105 problemy z motoryk\u0105 ma\u0142\u0105, wykazuje te\u017c &#8211; na przyk\u0142ad &#8211; trudno\u015bci z radzeniem sobie z frustracj\u0105. Emocje towarzysz\u0105 ka\u017cdemu cz\u0142owiekowi, ale u dzieci, u kt\u00f3rych terapia r\u0119ki samodzielno\u015b\u0107 jest potrzebna, cz\u0119sto napotykamy r\u00f3wnie\u017c na wybuchy z\u0142o\u015bci przy pora\u017ckach czy nieudanych pr\u00f3bach.  O radzeniu sobie z agresj\u0105 przeczytasz wi\u0119cej <a href=\"https:\/\/sensorini.pl\/integracja-sensoryczna\/dlaczego-dziecko-reaguje-agresja-na-drobne-frustracje\">w tym artykule o frustracji<\/a>.  Umiej\u0119tno\u015b\u0107 bycia samodzielnym wykonywania czynno\u015bci codziennych, bardzo podnosi poczucie warto\u015bci dziecka i pozwala mu radzi\u0107 sobie lepiej tak\u017ce emocjonalnie.\n<\/p>\n<h2>Terapia r\u0119ki samodzielno\u015b\u0107 &#8211; korzy\u015bci dla ubierania i jedzenia<\/h2>\n<p>\nWprowadzenie odpowiednich \u0107wicze\u0144 ma kolosalne znaczenie dla tak podstawowych ale wa\u017cnych funkcji jak samoobs\u0142uga.  Dzi\u0119ki terapii r\u0119ki dzieci zaczynaj\u0105 sprawniej radzi\u0107 sobie z nak\u0142adaniem ubrania, zapinaniem suwaka wi\u0105zaniem sznurowade\u0142 czy samodzielnym jedzeniem.  Ma to kluczowe znaczenie dla ich rozwoju psychospo\u0142ecznego &#8211; poczucie samodzielno\u015bci ro\u015bnie, a rutynowe czynno\u015bci przestaj\u0105 by\u0107 \u017ar\u00f3d\u0142em napi\u0119cia.\n<\/p>\n<p>\nZdarza si\u0119, \u017ce <strong>terapia r\u0119ki samodzielno\u015b\u0107<\/strong> ma ogromny wp\u0142yw nawet na sfer\u0119 sensoryczn\u0105 zwi\u0105zan\u0105 z przyjmowaniem pokar\u00f3mw.  Je\u015bli Twoje dziecko niech\u0119tnie je, wypluwa pewne konsystencje lub trudno mu trzyma\u0107 widelec mo\u017ce si\u0119 okaza\u0107 \u017ce problem (i rozwi\u0105zanie!) le\u017c\u0105 w\u0142a\u015bnie w rozwoju sprawno\u015bci manualnej .  Wi\u0119cej o tym, jak terapia r\u0119ki i integracja sensoryczna wp\u0142ywaj\u0105 na trudno\u015bci z jedzeniem, przeczytasz <a href=\"https:\/\/sensorini.pl\/integracja-sensoryczna\/czy-trudnosci-z-jedzeniem-moga-byc-zwiazane-z-si\">w artykule o powi\u0105zaniu SI z jedzeniem<\/a>.\n<\/p>\n<h2>Terapia r\u0119ki samodzielno\u015b\u0107 &#8211; podsumowanie i najwa\u017cniejsze wnioski<\/h2>\n<p>\nPodsumowuj\u0105c: <strong>terapia r\u0119ki samodzielno\u015b\u0107<\/strong> to niezwykle wa\u017cny element wspierania rozwoju dziecka &#8211; zar\u00f3wno w zakresie czynno\u015bci codziennych jak i og\u00f3lnej pewno\u015bci siebie. Zawsze jest dobry moment, aby zacz\u0105\u0107 wspiera\u0107 dziecko w nauce samodzielno\u015bci i niezale\u017cno\u015bci. Prowadz\u0119 gabinet integracji sensorycznej w Olsztynie z ogromnym zaanga\u017cowaniem w\u0142a\u015bnie po to, aby nasze dzieci mog\u0142y czu\u0107 si\u0119 coraz bardziej pewne swoich mo\u017cliwo\u015bci z dnia na dzie\u0144.  Je\u015bli zastanawiasz si\u0119, czy Twoje dziecko potrzebuje wsparcia &#8211; zach\u0119cam do kontaktu i konsultacji.\n<\/p>\n<p>\nMam nadziej\u0119, \u017ce ten artyku\u0142 odpowiedzia\u0142 na Twoje w\u0105tpliwo\u015bci dotycz\u0105ec tematu <strong>terapia r\u0119ki samodzielno\u015b\u0107<\/strong> .  Zapraszam do lektury naszych pozosta\u0142ych tekst\u00f3w i dzielenia si\u0119 swoimi obserwacjami &#8211; razem mo\u017cemy zrobi\u0107 naprawd\u0119 wiele dla naszych dzieci!<br \/>\n.<\/p>\n","protected":false},"excerpt":{"rendered":"<p>Terapia r\u0119ki samodzielno\u015b\u0107 &#8211; dlaczego jest tak wa\u017cna w codziennym funkcjonowaniu dziecka? Jako terapeutka prowadz\u0105ca gabinet integracji sensorycznej dla dzieci w Olsztynie, na co dzie\u0144 widz\u0119, jak ogromnie wa\u017cne s\u0105 umiej\u0119tno\u015bci manualne w \u017cyciu dziecka. Terapia r\u0119ki samodzielno\u015b\u0107 to poj\u0119cie kt\u00f3re coraz cz\u0119\u015bciej pojawia si\u0119 w pytaniach rodzic\u00f3w odwiedzaj\u0105cych m\u00f3j gabinet. Wielu rodzic\u00f3w martwi si\u0119, [&hellip;]<\/p>\n","protected":false},"author":2,"featured_media":0,"comment_status":"open","ping_status":"open","sticky":false,"template":"","format":"standard","meta":{"footnotes":""},"categories":[6],"tags":[],"class_list":["post-2316","post","type-post","status-publish","format-standard","hentry","category-integracja-sensoryczna"],"_links":{"self":[{"href":"https:\/\/sensorini.pl\/integracja-sensoryczna\/wp-json\/wp\/v2\/posts\/2316","targetHints":{"allow":["GET"]}}],"collection":[{"href":"https:\/\/sensorini.pl\/integracja-sensoryczna\/wp-json\/wp\/v2\/posts"}],"about":[{"href":"https:\/\/sensorini.pl\/integracja-sensoryczna\/wp-json\/wp\/v2\/types\/post"}],"author":[{"embeddable":true,"href":"https:\/\/sensorini.pl\/integracja-sensoryczna\/wp-json\/wp\/v2\/users\/2"}],"replies":[{"embeddable":true,"href":"https:\/\/sensorini.pl\/integracja-sensoryczna\/wp-json\/wp\/v2\/comments?post=2316"}],"version-history":[{"count":0,"href":"https:\/\/sensorini.pl\/integracja-sensoryczna\/wp-json\/wp\/v2\/posts\/2316\/revisions"}],"wp:attachment":[{"href":"https:\/\/sensorini.pl\/integracja-sensoryczna\/wp-json\/wp\/v2\/media?parent=2316"}],"wp:term":[{"taxonomy":"category","embeddable":true,"href":"https:\/\/sensorini.pl\/integracja-sensoryczna\/wp-json\/wp\/v2\/categories?post=2316"},{"taxonomy":"post_tag","embeddable":true,"href":"https:\/\/sensorini.pl\/integracja-sensoryczna\/wp-json\/wp\/v2\/tags?post=2316"}],"curies":[{"name":"wp","href":"https:\/\/api.w.org\/{rel}","templated":true}]}}