{"id":2315,"date":"2026-03-11T07:01:05","date_gmt":"2026-03-11T06:01:05","guid":{"rendered":"https:\/\/sensorini.pl\/integracja-sensoryczna\/moje-dziecko-nie-lubi-budowac-z-klockow-czy-to-problem-rak"},"modified":"2026-03-11T07:01:05","modified_gmt":"2026-03-11T06:01:05","slug":"moje-dziecko-nie-lubi-budowac-z-klockow-czy-to-problem-rak","status":"publish","type":"post","link":"https:\/\/sensorini.pl\/integracja-sensoryczna\/moje-dziecko-nie-lubi-budowac-z-klockow-czy-to-problem-rak","title":{"rendered":"Moje dziecko nie lubi budowa\u0107 z klock\u00f3w \u2013 czy to problem r\u0105k?"},"content":{"rendered":"<h2>Terapia r\u0119ki motoryka &#8211; dlaczego moje dziecko nie lubi klock\u00f3w?<\/h2>\n<p>Wielu rodzic\u00f3w zg\u0142asza si\u0119 do mojego gabinetu w Olsztynie z niepokojem &#8211; \u201emoje dziecko nie lubi budowa\u0107 z klock\u00f3w i nie chce si\u0119ga\u0107 po zabawy manualne\u201d. Czy rzeczywi\u015bcie jest si\u0119 czego obawia\u0107? Omawiaj\u0105c temat <strong>terapia r\u0119ki motoryka<\/strong>, warto wyja\u015bni\u0107, \u017ce niech\u0119\u0107 do klock\u00f3w mo\u017ce by\u0107 pierwszym sygna\u0142em problem\u00f3w z precyzj\u0105 ruch\u00f3w d\u0142oni lub zaburzon\u0105 integracj\u0105 sensoryczn\u0105. Nie zawsze to kwestia braku zainteresowa\u0144, ale czasem po prostu trudno\u015b\u0107, z kt\u00f3r\u0105 maluch nie mo\u017ce sobie poradzi\u0107 samodzielnie.  Je\u015bli dodatkowo zauwa\u017casz problemy z innymi umiej\u0119tno\u015bciami, np .  z rysowaniem warto zerkn\u0105\u0107 na <a href=\"https:\/\/sensorini.pl\/integracja-sensoryczna\/moje-dziecko-meczy-sie-podczas-rysowania-dlaczego\">artyku\u0142 o zm\u0119czeniu przy rysowaniu<\/a>, kt\u00f3ry mo\u017ce rzuci\u0107 nowe \u015bwiat\u0142o na motoryczne wyzwania dziecka. <\/p>\n<h2>Terapia r\u0119ki motoryka &#8211; jak j\u0105 rozpozna\u0107 i kiedy dzia\u0142a\u0107?<\/h2>\n<p>Czym w\u0142a\u015bciwie jest <strong>terapia r\u0119ki motoryka<\/strong>? To szereg oddzia\u0142ywa\u0144 i \u0107wicze\u0144 kt\u00f3re maj\u0105 na celu usprawni\u0107 ruchy d\u0142oni i palc\u00f3w, poprawi\u0107 koordynacj\u0119 oka i r\u0119ki oraz si\u0142\u0119 mi\u0119\u015bniow\u0105.  Dzieci, kt\u00f3re nie lubi\u0105 bawi\u0107 si\u0119 klockami, mog\u0105 mie\u0107 trudno\u015bci z precyzyjnym chwytaniem, planowaniem ruch\u00f3w b\u0105d\u017a si\u0142\u0105 nacisku.  Te pozornie b\u0142ahe problemy w praktyce utrudniaj\u0105 codzienne czynno\u015bci takie jak samodzielne ubieranie si\u0119, zapinanie guzik\u00f3w czy korzystanie ze sztu\u0107c\u00f3w.<\/p>\n<h2>Terapia r\u0119ki motoryka &#8211; sygna\u0142y kt\u00f3re powinny niepokoi\u0107<\/h2>\n<p>Je\u015bli Twoje dziecko rezygnuje z zabaw wymagaj\u0105cych pracy d\u0142oni i konsekwentnie unika klock\u00f3w, warto przyjrze\u0107 si\u0119 innym sytuacjom: czy podobne trudno\u015bci pojawiaj\u0105 si\u0119 przy malowaniu lub wycinaniu? Cz\u0119sto problem nie dotyczy tylko jednej czynno\u015bci, lecz ca\u0142ego repertuaru zada\u0144 wymagaj\u0105cych sprawno\u015bci manualnej.  W Olsztynie prowadz\u0119 diagnoz\u0119 i terapi\u0119 r\u0119ki motoryka, kt\u00f3ra pomaga dzieciom odzyska\u0107 rado\u015b\u0107 z codziennego funkcjonowania . Czasem pomocna b\u0119dzie r\u00f3wnie\u017c obserwacja, czy dziecko nie ma dodatkowych wyzwa\u0144 w zakresie relacji r\u00f3wie\u015bniczych &#8211; w tym kontek\u015bcie warto poczyta\u0107 o <a href=\"https:\/\/sensorini.pl\/trening-umiejetnosci-spolecznych\">treningu umiej\u0119tno\u015bci spo\u0142ecznych<\/a>, bo rozw\u00f3j motoryki cz\u0119sto idzie w parze z kompetencjami spo\u0142ecznymi. <\/p>\n<h2>Terapia r\u0119ki motoryka &#8211; jak wygl\u0105da wsparcie w praktyce?<\/h2>\n<p>Podczas spotka\u0144 w gabinecie w Olsztynie cz\u0119sto podkre\u015blam, \u017ce <strong>terapia r\u0119ki motoryka<\/strong> to nie tylko \u0107wiczenia przy stole.  To tak\u017ce radosne zabawy, anga\u017cuj\u0105ce ca\u0142e cia\u0142o, z r\u00f3\u017cnorodno\u015bci\u0105 bod\u017ac\u00f3w i pozytywn\u0105 atmosfer\u0105.  Wsp\u00f3lnie z dzieckiem budujemy pewno\u015b\u0107 siebie, uczymy nowego podej\u015bcia do trudnych czynno\u015bci i szukamy spos\u00f3b, aby wyzwania zamienia\u0107 w przygod\u0119. Cz\u0119sto wystarcz\u0105 drobne zmiany w codzienno\u015bci, motywuj\u0105ce zadania czy wsparcie rodzica, by dziecko zacz\u0119\u0142o si\u0119ga\u0107 po klocki z rado\u015bci\u0105. <\/p>\n<h2>Terapia r\u0119ki motoryka &#8211; jakie \u0107wiczenia warto wprowadzi\u0107 w domu?<\/h2>\n<p>Rodzice pytaj\u0105: \u201eJak wspomaga\u0107 dziecko w domowych warunkach?\u201d. W ramach wsparcia <strong>terapia r\u0119ki motoryka<\/strong> warto proponowa\u0107 dzieciom kreatywne zabawy plastyczne lepienie z plasteliny manipulowanie ma\u0142ymi przedmiotami, czy nawet wsp\u00f3lne gotowanie gdzie uk\u0142adanie produkt\u00f3w i krojenie wspiera sprawno\u015b\u0107 d\u0142oni. Pami\u0119tajmy, by nie zmusza\u0107 &#8211; kluczem jest zach\u0119ta i budowanie pozytywnych skojarze\u0144 .<\/p>\n<h2>Terapia r\u0119ki motoryka &#8211; podsumowanie i co dalej?<\/h2>\n<p>Niepok\u00f3j rodzica jest naturalny, gdy widzi, \u017ce dziecko odstaje od r\u00f3wie\u015bnik\u00f3w pod wzgl\u0119dem manualnych zabaw .  Jednak dzi\u0119ki odpowiedniemu wsparciu <strong>terapia r\u0119ki motoryka<\/strong> umo\u017cliwia dziecku odzyska\u0107 nie tylko sprawno\u015b\u0107, ale przede wszystkim pewno\u015b\u0107 siebie. Pami\u0119taj, \u017ce ka\u017cda trudno\u015b\u0107 jest sygna\u0142em do dzia\u0142ania a odpowiednio wcze\u015bnie podj\u0119ta interwencja daje fantastyczne rezultaty. Je\u015bli masz w\u0105tpliwo\u015bci, czy trudno\u015bci Twojego dziecka wynikaj\u0105 z problem\u00f3w manualnych, a mo\u017ce s\u0105 przejawem innych potrzeb, zach\u0119cam r\u00f3wnie\u017c do zapoznania si\u0119 z tym, <a href=\"https:\/\/sensorini.pl\/integracja-sensoryczna\/jak-rozpoznac-czy-moje-dziecko-ma-adhd-czy-po-prostu-potrzebuje-wiecej-ruchu\">jak rozpozna\u0107 ADHD lub zwi\u0119kszon\u0105 potrzeb\u0119 ruchu<\/a>.  Dobrze postawiona diagnoza i wsparcie na wczesnym etapie pozwala osi\u0105ga\u0107 pi\u0119kne wsp\u00f3lne sukcesy &#8211; i o to w terapii chodzi!<\/p>\n","protected":false},"excerpt":{"rendered":"<p>Terapia r\u0119ki motoryka &#8211; dlaczego moje dziecko nie lubi klock\u00f3w? Wielu rodzic\u00f3w zg\u0142asza si\u0119 do mojego gabinetu w Olsztynie z niepokojem &#8211; \u201emoje dziecko nie lubi budowa\u0107 z klock\u00f3w i nie chce si\u0119ga\u0107 po zabawy manualne\u201d. Czy rzeczywi\u015bcie jest si\u0119 czego obawia\u0107? Omawiaj\u0105c temat terapia r\u0119ki motoryka, warto wyja\u015bni\u0107, \u017ce niech\u0119\u0107 do klock\u00f3w mo\u017ce by\u0107 [&hellip;]<\/p>\n","protected":false},"author":2,"featured_media":0,"comment_status":"open","ping_status":"open","sticky":false,"template":"","format":"standard","meta":{"footnotes":""},"categories":[6],"tags":[],"class_list":["post-2315","post","type-post","status-publish","format-standard","hentry","category-integracja-sensoryczna"],"_links":{"self":[{"href":"https:\/\/sensorini.pl\/integracja-sensoryczna\/wp-json\/wp\/v2\/posts\/2315","targetHints":{"allow":["GET"]}}],"collection":[{"href":"https:\/\/sensorini.pl\/integracja-sensoryczna\/wp-json\/wp\/v2\/posts"}],"about":[{"href":"https:\/\/sensorini.pl\/integracja-sensoryczna\/wp-json\/wp\/v2\/types\/post"}],"author":[{"embeddable":true,"href":"https:\/\/sensorini.pl\/integracja-sensoryczna\/wp-json\/wp\/v2\/users\/2"}],"replies":[{"embeddable":true,"href":"https:\/\/sensorini.pl\/integracja-sensoryczna\/wp-json\/wp\/v2\/comments?post=2315"}],"version-history":[{"count":0,"href":"https:\/\/sensorini.pl\/integracja-sensoryczna\/wp-json\/wp\/v2\/posts\/2315\/revisions"}],"wp:attachment":[{"href":"https:\/\/sensorini.pl\/integracja-sensoryczna\/wp-json\/wp\/v2\/media?parent=2315"}],"wp:term":[{"taxonomy":"category","embeddable":true,"href":"https:\/\/sensorini.pl\/integracja-sensoryczna\/wp-json\/wp\/v2\/categories?post=2315"},{"taxonomy":"post_tag","embeddable":true,"href":"https:\/\/sensorini.pl\/integracja-sensoryczna\/wp-json\/wp\/v2\/tags?post=2315"}],"curies":[{"name":"wp","href":"https:\/\/api.w.org\/{rel}","templated":true}]}}