{"id":2314,"date":"2026-03-11T06:01:09","date_gmt":"2026-03-11T05:01:09","guid":{"rendered":"https:\/\/sensorini.pl\/integracja-sensoryczna\/czy-terapia-reki-jest-potrzebna-przy-obnizonym-napieciu-miesniowym"},"modified":"2026-03-11T06:01:09","modified_gmt":"2026-03-11T05:01:09","slug":"czy-terapia-reki-jest-potrzebna-przy-obnizonym-napieciu-miesniowym","status":"publish","type":"post","link":"https:\/\/sensorini.pl\/integracja-sensoryczna\/czy-terapia-reki-jest-potrzebna-przy-obnizonym-napieciu-miesniowym","title":{"rendered":"Czy terapia r\u0119ki jest potrzebna przy obni\u017conym napi\u0119ciu mi\u0119\u015bniowym?"},"content":{"rendered":"<h2>Terapia r\u0119ki hypotonia &#8211; czym jest i dlaczego o niej m\u00f3wimy?<\/h2>\n<p>\nJako terapeutka prowadz\u0105ca gabinet w Olsztynie, cz\u0119sto spotykam si\u0119 z pytaniami rodzic\u00f3w na temat <strong>terapii r\u0119ki hypotonia<\/strong>.  Wielu z nich zastanawia si\u0119, czy tego typu wsparcie jest potrzebne w przypadku dzieci z obni\u017conym napi\u0119ciem mi\u0119\u015bniowym.  Hypotonia, czyli obni\u017cone napi\u0119cie mi\u0119\u015bniowe pojawia si\u0119 w r\u00f3\u017cnym wieku i dotyczy zar\u00f3wno maluch\u00f3w jak i starszych dzieci.  Wp\u0142ywa na sprawno\u015b\u0107 motoryczn\u0105, samodzielno\u015b\u0107 oraz komfort codziennego funkcjonowania &#8211; pocz\u0105wszy od trzymania kredki, przez zapinanie ubra\u0144, a\u017c po samodzielne jedzenie. W\u0142a\u015bnie wtedy pojawia si\u0119 pytanie o zasadno\u015b\u0107 terapii r\u0119ki hypotonia.  Je\u015bli temat trudno\u015bci z zapinaniem guzik\u00f3w jest Ci bliski, ju\u017c teraz mo\u017cesz przeczyta\u0107 wi\u0119cej na ten temat w artykule: <a href=\"https:\/\/sensorini.pl\/integracja-sensoryczna\/dlaczego-moje-dziecko-ma-problem-z-zapinaniem-guzikow\">Dlaczego moje dziecko ma problem z zapinaniem guzik\u00f3w?<\/a> .\n<\/p>\n<h2>Terapia r\u0119ki hypotonia &#8211; jak rozpozna\u0107 potrzeb\u0119 wsparcia?<\/h2>\n<p>\nObni\u017cone napi\u0119cie mi\u0119\u015bniowe bardzo cz\u0119sto staje si\u0119 przeszkod\u0105 w nauce czynno\u015bci manualnych .  Dzieci do\u015bwiadczaj\u0105ce hypotonii mog\u0105 mie\u0107 trudno\u015bci z wykonywaniem zada\u0144 wymagaj\u0105cych precyzji i si\u0142y takich jak rysowanie, malowanie czy pisanie . Rodzice cz\u0119sto zauwa\u017caj\u0105, \u017ce ich pociecha trzyma przybory w nieprawid\u0142owy spos\u00f3b lub szybko si\u0119 m\u0119czy. W takich sytuacjach konieczna okazuje si\u0119 <strong>terapia r\u0119ki hypotonia<\/strong> kt\u00f3ra koncentruje si\u0119 na wzmacnianiu mi\u0119\u015bni, poprawie chwytu i koordynacji. Terapia ta pozwala dziecku nie tylko nadgoni\u0107 r\u00f3wie\u015bnik\u00f3w, ale przede wszystkim zyska\u0107 poczucie sprawczo\u015bci oraz wi\u0119ksz\u0105 pewno\u015b\u0107 siebie .\n<\/p>\n<h2>Terapia r\u0119ki hypotonia &#8211; czy warto rozpocz\u0105\u0107 j\u0105 wcze\u015bnie?<\/h2>\n<p>\nNajlepsze efekty przynosi rozpocz\u0119cie terapii r\u0119ki hypotonia jak najwcze\u015bniej .  Szybka reakcja pozwala zapobiec narastaniu trudno\u015bci oraz wt\u00f3rnych problem\u00f3w, takich jak zniech\u0119cenie do nauki czy niska samoocena.  Wczesna terapia uwzgl\u0119dnia \u0107wiczenia dopasowane do mo\u017cliwo\u015bci i wieku dziecka. Na bie\u017c\u0105co analizuj\u0119 post\u0119py podopiecznych indywidualizuj\u0105c plan zaj\u0119\u0107 w taki spos\u00f3b, aby by\u0142 atrakcyjny i motywowa\u0142 do dalszego wysi\u0142ku.\n<\/p>\n<h2>Terapia r\u0119ki hypotonia &#8211; wp\u0142yw na codzienne funkcjonowanie dziecka<\/h2>\n<p>\nKa\u017cdy rodzic pragnie, aby dziecko by\u0142o samodzielne . Obni\u017cone napi\u0119cie mi\u0119\u015bniowe utrudnia jednak wykonywanie codziennych obowi\u0105zk\u00f3w, przez co dziecko cz\u0119\u015bciej potrzebuje pomocy doros\u0142ych .  Dobrze prowadzona <strong>terapia r\u0119ki hypotonia<\/strong> wspiera nie tylko rozw\u00f3j motoryki ma\u0142ej, ale i kompetencje spo\u0142eczne oraz emocjonalne. Problemy manualne cz\u0119sto wp\u0142ywaj\u0105 na sfer\u0119 psychiczn\u0105 &#8211; dzieci zmagaj\u0105ce si\u0119 z napi\u0119ciem mi\u0119\u015bniowym szybciej si\u0119 frustruj\u0105, odczuwaj\u0105 stres w sytuacjach wymagaj\u0105cych precyzji czy wsp\u00f3\u0142pracy z r\u00f3wie\u015bnikami. Czasem mog\u0105 pojawia\u0107 si\u0119 trudno\u015bci w regulacji emocji, o czym mo\u017cna przeczyta\u0107 wi\u0119cej w artykule: <a href=\"https:\/\/sensorini.pl\/integracja-sensoryczna\/czy-trudnosci-z-regulacja-emocji-moga-wynikac-z-zaburzen-sensorycznych\">Czy trudno\u015bci z regulacj\u0105 emocji mog\u0105 wynika\u0107 z zaburez\u0144 sensorycznych?<\/a>.\n<\/p>\n<h2>Terapia r\u0119ki hypotonia &#8211; jak wygl\u0105da w praktyce?<\/h2>\n<p>\nZaj\u0119cia w gabinecie integracji sensorycznej s\u0105 zawsze dopasowane do indywidualnych potrzeb. Terapia r\u0119ki hypotonia obejmuje \u0107wiczenia wzmacniaj\u0105ce r\u0119ce, zwi\u0119kszaj\u0105ce sprawno\u015b\u0107 palc\u00f3w oraz poprawiaj\u0105ce koordynacj\u0119 oko-r\u0119ka. Bardzo wa\u017cna jest tutaj atmosfera bezpiecze\u0144stwa, akceptacji oraz wsp\u00f3lna rado\u015b\u0107 z post\u0119p\u00f3w, nawet tych najmniejszych. Zach\u0119cam rodzic\u00f3w do aktywno\u015bci w domu i obserwowania, jak dziecko coraz lepiej radzi sobie z codziennymi wyzwaniami.  Wsp\u00f3lne \u0107wiczenia mog\u0105 sta\u0107 si\u0119 okazj\u0105 do zacie\u015bniania rodzinnych relacji czy wsp\u00f3lnego \u015bmiechu .\n<\/p>\n<h2>Terapia r\u0119ki hypotonia a inne sfery rozwoju<\/h2>\n<p>\nWarto podkre\u015bli\u0107, \u017ce terapia r\u0119ki hypotonia nierzadko przek\u0142ada si\u0119 na popraw\u0119 innych obszar\u00f3w, takich jak komunikacja czy rozw\u00f3j mowy.  Sprawne r\u0119ce pozwalaj\u0105 na lepsz\u0105 ekpsloracj\u0119 \u015bwiata i samodzielno\u015b\u0107, co sprzyja nabywaniu nowych umiej\u0119tno\u015bci . W przypadku pyta\u0144 dotycz\u0105cych zale\u017cno\u015bci mi\u0119dzy rozwojem ruchowym a mow\u0105, zach\u0119cam do przeczytania artyku\u0142u: <a href=\"https:\/\/sensorini.pl\/integracja-sensoryczna\/czy-opozniony-rozwoj-mowy-moze-wynikac-z-si\">Czy op\u00f3\u017aniony rozw\u00f3j mowy mo\u017ce wynika\u0107 z SI?<\/a> .\n<\/p>\n<h2>Terapia r\u0119ki hypotonia &#8211; podsumowanie i znaczenie w \u017cyciu dziecka<\/h2>\n<p>\nPodsumowuj\u0105c <strong>terapia r\u0119ki hypotonia<\/strong> to nie tylko dzia\u0142ania ukierunkowane na rozw\u00f3j sprawno\u015bci manualnej ale przede wszystkim wsparcie rozwoju ca\u0142ego dziecka. Obni\u017cone napi\u0119cie mi\u0119\u015bniowe nie powinno by\u0107 przeszkod\u0105 w osi\u0105ganiu sukces\u00f3w i budowaniu wiary we w\u0142asne mo\u017cliwo\u015bci.  Je\u015bli masz w\u0105tpliwo\u015bci, czy Twoje dziecko wymaga terapii, zapraszam do kontaktu i konsultacji w moim gabinecie w Olsztynie.  Wsp\u00f3lnie znajdziemy najlepsz\u0105 drog\u0119 do rozwoju potencja\u0142u Twojego dziecka.<\/p>\n","protected":false},"excerpt":{"rendered":"<p>Terapia r\u0119ki hypotonia &#8211; czym jest i dlaczego o niej m\u00f3wimy? Jako terapeutka prowadz\u0105ca gabinet w Olsztynie, cz\u0119sto spotykam si\u0119 z pytaniami rodzic\u00f3w na temat terapii r\u0119ki hypotonia. Wielu z nich zastanawia si\u0119, czy tego typu wsparcie jest potrzebne w przypadku dzieci z obni\u017conym napi\u0119ciem mi\u0119\u015bniowym. Hypotonia, czyli obni\u017cone napi\u0119cie mi\u0119\u015bniowe pojawia si\u0119 w r\u00f3\u017cnym [&hellip;]<\/p>\n","protected":false},"author":2,"featured_media":0,"comment_status":"open","ping_status":"open","sticky":false,"template":"","format":"standard","meta":{"footnotes":""},"categories":[6],"tags":[],"class_list":["post-2314","post","type-post","status-publish","format-standard","hentry","category-integracja-sensoryczna"],"_links":{"self":[{"href":"https:\/\/sensorini.pl\/integracja-sensoryczna\/wp-json\/wp\/v2\/posts\/2314","targetHints":{"allow":["GET"]}}],"collection":[{"href":"https:\/\/sensorini.pl\/integracja-sensoryczna\/wp-json\/wp\/v2\/posts"}],"about":[{"href":"https:\/\/sensorini.pl\/integracja-sensoryczna\/wp-json\/wp\/v2\/types\/post"}],"author":[{"embeddable":true,"href":"https:\/\/sensorini.pl\/integracja-sensoryczna\/wp-json\/wp\/v2\/users\/2"}],"replies":[{"embeddable":true,"href":"https:\/\/sensorini.pl\/integracja-sensoryczna\/wp-json\/wp\/v2\/comments?post=2314"}],"version-history":[{"count":0,"href":"https:\/\/sensorini.pl\/integracja-sensoryczna\/wp-json\/wp\/v2\/posts\/2314\/revisions"}],"wp:attachment":[{"href":"https:\/\/sensorini.pl\/integracja-sensoryczna\/wp-json\/wp\/v2\/media?parent=2314"}],"wp:term":[{"taxonomy":"category","embeddable":true,"href":"https:\/\/sensorini.pl\/integracja-sensoryczna\/wp-json\/wp\/v2\/categories?post=2314"},{"taxonomy":"post_tag","embeddable":true,"href":"https:\/\/sensorini.pl\/integracja-sensoryczna\/wp-json\/wp\/v2\/tags?post=2314"}],"curies":[{"name":"wp","href":"https:\/\/api.w.org\/{rel}","templated":true}]}}