{"id":2312,"date":"2026-03-11T04:01:21","date_gmt":"2026-03-11T03:01:21","guid":{"rendered":"https:\/\/sensorini.pl\/integracja-sensoryczna\/moje-dziecko-nie-trafia-kredka-w-linie-dlaczego"},"modified":"2026-03-11T04:01:21","modified_gmt":"2026-03-11T03:01:21","slug":"moje-dziecko-nie-trafia-kredka-w-linie-dlaczego","status":"publish","type":"post","link":"https:\/\/sensorini.pl\/integracja-sensoryczna\/moje-dziecko-nie-trafia-kredka-w-linie-dlaczego","title":{"rendered":"Moje dziecko nie trafia kredk\u0105 w linie \u2013 dlaczego?"},"content":{"rendered":"<h2>Terapia r\u0119ki precyzja &#8211; kiedy rysowanie sprawia trudno\u015b\u0107<\/h2>\n<p>Jako terapeutka prowadz\u0105ca gabinet integracji sensorycznej w Olsztynie ka\u017cdego dnia spotykam si\u0119 z rodzicami zainepokojonymi post\u0119pami ich dzieci w przedszkolu i szkole . \u201eMoje dziecko nie trafia kredk\u0105 w linie &#8211; dlaczego?\u201d &#8211; to jedno z cz\u0119stszych pyta\u0144, kt\u00f3re s\u0142ysz\u0119 . Zastanawiaj\u0105 si\u0119 Pa\u0144stwo sk\u0105d bior\u0105 si\u0119 trudno\u015bci z precyzj\u0105 ruch\u00f3w r\u0119ki u malucha? W wi\u0119kszo\u015bci przypadk\u00f3w jest to wyzwanie rozwojowe, kt\u00f3re \u015bwietnie mo\u017cna wspiera\u0107 poprzez terapi\u0119 r\u0119ki precyzja . Ju\u017c na wst\u0119pie warto zrozumie\u0107, \u017ce dla wielu dzieci to nie kwestia braku zdolno\u015bci czy niech\u0119ci .  To sygna\u0142, \u017ce ich uk\u0142ad nerwowy potrzebuje troch\u0119 wi\u0119cej wsparcia, aby dobrze zintegrowa\u0107 bod\u017ace zmys\u0142owe odpowiedzialne za rozw\u00f3j motoryki ma\u0142ej. <\/p>\n<p>Problemy takie jak nieumiej\u0119tno\u015b\u0107 trafiania kredk\u0105 w linie mog\u0105 wynika\u0107 z zaburze\u0144 integracji sensorycznej, o kt\u00f3rych wi\u0119cej mo\u017cna przeczyta\u0107 w artykule <a href=\"https:\/\/sensorini.pl\/integracja-sensoryczna\/dlaczego-dziecko-nie-potrafi-usiedziec-w-miejscu\">dlaczego dziecko nie potrafi usiedzie\u0107 w miejscu<\/a>.  Mo\u017ce si\u0119 bowiem okaza\u0107, \u017ce k\u0142opoty z motoryk\u0105 precyzyjn\u0105 id\u0105 w parze z trudno\u015bciami z koncentracj\u0105 czy nadruchliwo\u015bci\u0105 .<\/p>\n<h2>Terapia r\u0119ki precyzja &#8211; jak rozpozna\u0107, \u017ce potrzebna jest pomoc?<\/h2>\n<p>Rozpoznanie \u017ce dziecko potrzebuje terapii r\u0119ki precyzja jest kluczowe dla jego dalszego rozwoju .  Je\u015bli widzisz \u017ce Twoje dziecko nienaturalnie mocno lub s\u0142abo chwyta kredk\u0119 szybko si\u0119 m\u0119czy podczas rysowania, \u201ewychodzi\u201d poza linie, a jego prace s\u0105 niechlujne &#8211; by\u0107 mo\u017ce to sygna\u0142, aby wnikliwiej si\u0119 temu przyjrze\u0107. Cz\u0119sto trudno\u015bci te zaczynaj\u0105 si\u0119 ju\u017c w wieku przedszkolnym i nsailaj\u0105 w szkole, gdzie oczekiwania wobec precyzji s\u0105 wi\u0119ksze. Dzieci cierpi\u0105 z powodu por\u00f3wna\u0144 z r\u00f3wie\u015bnikami i narastaj\u0105cej frustracji.<\/p>\n<p>Wa\u017cne, \u017ceby nie czeka\u0107 zbyt d\u0142ugo z poszukiwaniem wsparcia. Profesjonalna terapia r\u0119ki precyzja w odpowiednio przygotowanym gabinecie przynosi wymierne efekty ju\u017c po kilku miesi\u0105cach regularnej pracy. Dzieci staj\u0105 si\u0119 pewniejsze siebie, a ich pisanie, rysowanie czy wycinanie staj\u0105 si\u0119 coraz bardziej staranne.<\/p>\n<h2>Terapia r\u0119ki precyzja &#8211; co mo\u017ce by\u0107 przyczyn\u0105 trudno\u015bci?<\/h2>\n<p>Przyczyn trudno\u015bci z trafianiem kredk\u0105 w linie mo\u017ce by\u0107 kilka.  Najcz\u0119\u015bciej s\u0105 to wyzwania zwi\u0105zane z integrac\u0105j sensoryczn\u0105, czyli efektywn\u0105 wsp\u00f3\u0142prac\u0105 zmys\u0142\u00f3w kt\u00f3re umo\u017cliwiaj\u0105 planowanie oraz wykonywanie precyzyjnych ruch\u00f3w. Terapia r\u0119ki precyzja pozwala wy\u0107wiczy\u0107 umiej\u0119tno\u015b\u0107 skupienia uwagi na detalu i na zadaniach wymagaj\u0105cych koordynacji wzrokowo-ruchowej . <\/p>\n<p>Czasem za problemy z motoryk\u0105 precyzyjn\u0105 odpowiadaj\u0105 tak\u017ce niew\u0142a\u015bciwe napi\u0119cie mi\u0119\u015bniowe, zaburzenia propriocepcji (odczuwania pozycji w\u0142asnego cia\u0142a) czy nieadekwatna rekacja na bod\u017ace dotykowe.  U dzieci w spektrum autyzmu trudno\u015bci te mog\u0105 by\u0107 jeszcze bardziej nasilone &#8211; wi\u0119cej na ten temat mo\u017cna przeczyta\u0107 w artykule: <a href=\"https:\/\/sensorini.pl\/integracja-sensoryczna\/czy-integracja-sensoryczna-pomaga-dzieciom-w-spektrum\">czy integracja sensoryczna pomaga dzieciom w spektrum<\/a> .  Ka\u017cde dziecko wymaga indywidualnego podej\u015bcia i trafnej diagnozy. <\/p>\n<h2>Terapia r\u0119ki precyzja &#8211; jak mo\u017cemy pom\u00f3c Twojemu dziecku?<\/h2>\n<p>W moim gabinecie w Olsztynie prowadzone s\u0105 zaj\u0119cia kt\u00f3rych g\u0142\u00f3wnym celem jest poprawa sprawno\u015bci motoryki ma\u0142ej oraz precyzji ruch\u00f3w.  Terapia r\u0119ki precyzja opiera si\u0119 tu na zabawach i \u0107wiczeniach dboranych do wieku i mo\u017cliwo\u015bci dziecka . Wsp\u00f3lnie bawi\u0105c si\u0119 plastelin\u0105, uk\u0142adaj\u0105c mozaiki rysuj\u0105c i wycinaj\u0105c &#8211; krok po kroku budujemy lepsz\u0105 kontrol\u0119 ruch\u00f3w oraz poprawiamy koordynacj\u0119 wzrokowo-ruchow\u0105.  Wszystko w atmosferze akceptacji i poczucia bezpiecze\u0144stwa.<\/p>\n<p>Du\u017c\u0105 wag\u0119 przywi\u0105zujemy tak\u017ce do wsp\u00f3\u0142pracy z rodzicami.  Podpowiadam, jak w\u0142\u0105cza\u0107 elementy terapii do codziennych czynno\u015bci &#8211; np. zabaw w domu czy w trakcie zaj\u0119\u0107 przedszkolnych. Dziecko rozwijaj\u0105ce precyzj\u0119 r\u0119ki w naturalny spos\u00f3b lepiej radzi sobie r\u00f3wnie\u017c w innych sferach \u017cycia \u0142atwiej nabywa kolejne umiej\u0119tno\u015bci, lepiej komunikuje swoje potrzeby, a tak\u017ce nabiera pewno\u015bci siebie &#8211; r\u00f3wnie\u017c w kontek\u015bcie zmienno\u015bci o kt\u00f3rej wi\u0119cej piszemy w tek\u015bcie <a href=\"https:\/\/sensorini.pl\/integracja-sensoryczna\/czemu-dziecko-nie-lubi-zmian-sensoryczna-potrzeba-rutyny\">czemu dziecko nie lubi zmian &#8211; sensoryczna potrzeba rutyny<\/a>.<\/p>\n<h2>Terapia r\u0119ki precyzja &#8211; podsumowanie i zaproszenie do wsp\u00f3\u0142pracy<\/h2>\n<p>Terapia r\u0119ki precyzja to nie tylko \u0107wiczenia i zadania. To kompleksowe wsparcie dziecka, zrozumienie jego potrzeb i wypracowanie rozwi\u0105za\u0144 kt\u00f3re maj\u0105 znaczenie w codziennym funkcjonowaniu.  Je\u015bli zauwa\u017casz u swojego dziecka trudno\u015bci z trafianiem kredk\u0105 w linie lub inne problemy zwi\u0105zane z motoryk\u0105 precyzyjn\u0105, nie ma powodu do niepokoju, ale warto dzia\u0142a\u0107 wcze\u015bnie.  Ka\u017cde dziecko mo\u017ce rozwin\u0105\u0107 sw\u00f3j potencja\u0142 z w\u0142a\u015bciwie dobran\u0105 terapi\u0105, czu\u0142\u0105 opiek\u0105 i wspieraj\u0105cym otoczeniem. Gdy terapia r\u0119ki precyzja jest realizowana regularnie, Twoje dziecko ma szans\u0119 zyska\u0107 wi\u0119ksz\u0105 sprawno\u015b\u0107 samodzielno\u015b\u0107 oraz rado\u015b\u0107 z nauki i zabawy .<\/p>\n<p>Serdecznie zapraszam do mojego gabinetu w Olsztynie na konsultacje oraz indywidualne za\u0119jcia!<\/p>\n<p>Masz pytania? Z przyjemno\u015bci\u0105 pomog\u0119 &#8211; skontaktuj si\u0119 i sprawd\u017a jak terapia r\u0119ki precyzja mo\u017ce wesprze\u0107 Twoje dziecko. <\/p>\n","protected":false},"excerpt":{"rendered":"<p>Terapia r\u0119ki precyzja &#8211; kiedy rysowanie sprawia trudno\u015b\u0107 Jako terapeutka prowadz\u0105ca gabinet integracji sensorycznej w Olsztynie ka\u017cdego dnia spotykam si\u0119 z rodzicami zainepokojonymi post\u0119pami ich dzieci w przedszkolu i szkole . \u201eMoje dziecko nie trafia kredk\u0105 w linie &#8211; dlaczego?\u201d &#8211; to jedno z cz\u0119stszych pyta\u0144, kt\u00f3re s\u0142ysz\u0119 . Zastanawiaj\u0105 si\u0119 Pa\u0144stwo sk\u0105d bior\u0105 si\u0119 [&hellip;]<\/p>\n","protected":false},"author":2,"featured_media":0,"comment_status":"open","ping_status":"open","sticky":false,"template":"","format":"standard","meta":{"footnotes":""},"categories":[6],"tags":[],"class_list":["post-2312","post","type-post","status-publish","format-standard","hentry","category-integracja-sensoryczna"],"_links":{"self":[{"href":"https:\/\/sensorini.pl\/integracja-sensoryczna\/wp-json\/wp\/v2\/posts\/2312","targetHints":{"allow":["GET"]}}],"collection":[{"href":"https:\/\/sensorini.pl\/integracja-sensoryczna\/wp-json\/wp\/v2\/posts"}],"about":[{"href":"https:\/\/sensorini.pl\/integracja-sensoryczna\/wp-json\/wp\/v2\/types\/post"}],"author":[{"embeddable":true,"href":"https:\/\/sensorini.pl\/integracja-sensoryczna\/wp-json\/wp\/v2\/users\/2"}],"replies":[{"embeddable":true,"href":"https:\/\/sensorini.pl\/integracja-sensoryczna\/wp-json\/wp\/v2\/comments?post=2312"}],"version-history":[{"count":0,"href":"https:\/\/sensorini.pl\/integracja-sensoryczna\/wp-json\/wp\/v2\/posts\/2312\/revisions"}],"wp:attachment":[{"href":"https:\/\/sensorini.pl\/integracja-sensoryczna\/wp-json\/wp\/v2\/media?parent=2312"}],"wp:term":[{"taxonomy":"category","embeddable":true,"href":"https:\/\/sensorini.pl\/integracja-sensoryczna\/wp-json\/wp\/v2\/categories?post=2312"},{"taxonomy":"post_tag","embeddable":true,"href":"https:\/\/sensorini.pl\/integracja-sensoryczna\/wp-json\/wp\/v2\/tags?post=2312"}],"curies":[{"name":"wp","href":"https:\/\/api.w.org\/{rel}","templated":true}]}}