{"id":2311,"date":"2026-03-11T00:01:10","date_gmt":"2026-03-10T23:01:10","guid":{"rendered":"https:\/\/sensorini.pl\/integracja-sensoryczna\/czy-terapia-reki-w-olsztynie-jest-dostepna-dla-dzieci-z-asd"},"modified":"2026-03-11T00:01:10","modified_gmt":"2026-03-10T23:01:10","slug":"czy-terapia-reki-w-olsztynie-jest-dostepna-dla-dzieci-z-asd","status":"publish","type":"post","link":"https:\/\/sensorini.pl\/integracja-sensoryczna\/czy-terapia-reki-w-olsztynie-jest-dostepna-dla-dzieci-z-asd","title":{"rendered":"Czy terapia r\u0119ki w Olsztynie jest dost\u0119pna dla dzieci z ASD?"},"content":{"rendered":"<h2>Terapia r\u0119ki ASD Olsztyn &#8211; Co to w\u0142a\u015bciwie oznacza?<\/h2>\n<p>\nJako terapeutka prowadz\u0105ca gabinet terapii integracji sensorycznej dla dzieci w Olsztynie bardzo cz\u0119sto spotykam si\u0119 z pytaniami rodzic\u00f3w o terapi\u0119 r\u0119ki w kontek\u015bcie spektrum autyzmu.  \u201eCzy terapia r\u0119ki ASD Olsztyn jest dost\u0119pna i czy mo\u017ce przynie\u015b\u0107 pozytywne efekty mojemu dziecku?\u201d Pytania te nie s\u0105 zaskoczeniem bo rodzice chc\u0105 dla swoich dzieci jak najlepiej i szukaj\u0105 skutecznych rozwi\u0105za\u0144. Terapia r\u0119ki ASD Olsztyn to specjalistyczna propozycja, kt\u00f3rej celem jest wsparcie prawid\u0142owego rozwoju motoryki ma\u0142ej, usprawnienie koordynacji oraz pomoc dzieciom z ASD w codziennych czynno\u015bciach .<\/p>\n<h2>Terapia r\u0119ki ASD Olsztyn &#8211; Jak wygl\u0105da w praktyce?<\/h2>\n<p>\nW naszym gabinecie przyk\u0142adamy ogromn\u0105 wag\u0119 do indywidualizacji procesu terapeutycznego. Ka\u017cde dziecko z ASD jest inne, ma swoje indywidualne potrzeby i mo\u017cliwo\u015bci.  Terapia r\u0119ki ASD Olsztyn obejmuje diagnoz\u0119, budowanie relacji i tworzenie program\u00f3w \u0107wicze\u0144 dostosowanych do konkretnego dziecka. \u0106wiczenia maj\u0105 na celu wzmocnienie mi\u0119\u015bni d\u0142oni i palc\u00f3w, popraw\u0119 chwytu, koordynacji wzrokowo-ruchowej oraz rozwijanie umiej\u0119tno\u015bci codziennych, takich jak zapinanie guzik\u00f3w, rysowanie czy pisanie.<\/p>\n<p>\nJe\u015bil Twoje dziecko ma trudno\u015bci z precyzyjnymi ruchami czy szybko si\u0119 m\u0119czy przy zabawach manualnych, przyczyn\u0105 mo\u017ce by\u0107 os\u0142abiona integracja sensoryczna lub zaburzenia SI. Warto przeczyta\u0107 artyku\u0142 kt\u00f3ry omawia szczeg\u00f3\u0142owo <a href=\"https:\/\/sensorini.pl\/integracja-sensoryczna\/dlaczego-dziecko-szybko-meczy-palce-przy-budowaniu-klockow\">dlaczego dziecko szybko m\u0119czy palce przy budowaniu klock\u00f3w<\/a> oraz jak wspiera\u0107 malucha w rozwijaniu tych umiej\u0119tno\u015bci.<\/p>\n<h2>Terapia r\u0119ki ASD Olsztyn &#8211; Dla kogo jest przeznaczona?<\/h2>\n<p>\nTerapia r\u0119ki ASD Olsztyn powsta\u0142a z my\u015bl\u0105 o potrzebach dzieci ze spektrum autyzmu, kt\u00f3re cz\u0119sto maj\u0105 trudno\u015bci nie tylko z motoryk\u0105 du\u017c\u0105, lecz przede wszystkim z motoryk\u0105 ma\u0142\u0105.  Dzieci te mog\u0105 wykazywa\u0107 niech\u0119\u0107 do manipulowania przedmiotami, mie\u0107 trudno\u015bci z trzymaniem o\u0142\u00f3wka czy samodzielnym zapinaniem guzik\u00f3w. To wp\u0142ywa na ich samodzielno\u015b\u0107, poczucie sprawczo\u015bci i pewno\u015b\u0107 siebie. Terapia r\u0119ki, prowadzona z wykorzystaniem narz\u0119dzi integarcji sensorycznej oraz nowoczesnych metod, pozwala stopniowo pokonywa\u0107 te bariery .<\/p>\n<h2>Jak wygl\u0105da pierwsze spotkanie &#8211; terapia r\u0119ki ASD Olsztyn krok po kroku<\/h2>\n<p>\nPierwsze spotkanie to przede wszystkim rozmowa z rodzicami i uwa\u017cna obserwacja dziecka. Staram si\u0119 stworzy\u0107 przyjazn\u0105 atmosfer\u0119, aby dziecko poczu\u0142o si\u0119 swobodnie. Oceniam jego potrzeby i mocne strony, by m\u00f3c opracowa\u0107 indywidualny program terapii. Efektywno\u015b\u0107 terapii r\u0119ki ASD Olsztyn zale\u017cy od regularno\u015bci \u0107wicze\u0144 oraz \u015bcis\u0142ej wsp\u00f3\u0142pracy z domem. Rekomenduj\u0119 r\u00f3wnie\u017c w\u0142\u0105czenie element\u00f3w terapii SI, kt\u00f3ra wzmacnia ca\u0142okszta\u0142t rozwoju dziecka. Je\u015bli zastanawiasz si\u0119, czy integracja sensoryczna mo\u017ce pom\u00f3c w konkretnych trudno\u015bciach przeczytaj <a href=\"https:\/\/sensorini.pl\/integracja-sensoryczna\/czy-si-moze-pomoc-na-problemy-z-ubieraniem-sie\">jak SI mo\u017ce wspiera\u0107 przy problemach z ubieraniem si\u0119<\/a>.<\/p>\n<h2>Terapia r\u0119ki ASD Olsztyn &#8211; Najcz\u0119stsze obawy rodzic\u00f3w<\/h2>\n<p>\nSpotykam wielu rodzic\u00f3w, kt\u00f3rzy obawiaj\u0105 si\u0119 \u017ce terapia r\u0119ki ASD Olsztyn b\u0119dzie zbyt trudna lub nie przyniesie efekt\u00f3w.  Cz\u0119sto tak\u017ce zastanawiaj\u0105 si\u0119, czy ich dziecko jest odpowiednio stymulowane i czy nie reaguje zbyt mocno na r\u00f3\u017cne bod\u017ace. Pragn\u0119 zapewni\u0107 \u017ce terapia r\u0119ki jest nieinwazyjna, dostosowana do mo\u017cliwo\u015bci dziecka i zawsze realizowana przez wykwalifikowanych terapeut\u00f3w .  Warto si\u0119gn\u0105\u0107 po wiedz\u0119 kt\u00f3ra pomo\u017ce zrozumie\u0107, <a href=\"https:\/\/sensorini.pl\/integracja-sensoryczna\/czy-moje-dziecko-reaguje-zbyt-mocno-na-bodzce\">czy dziecko reaguje zbyt mocno na bod\u017ace<\/a> i jak sobie z tym radzi\u0107.<\/p>\n<h2>Terapia r\u0119ki ASD Olsztyn &#8211; Podsumowanie i moje do\u015bwiadczenie<\/h2>\n<p>\nTerapia r\u0119ki ASD Olsztyn jest w pe\u0142ni dost\u0119pna i przynosi wymierne korzy\u015bci dzieciom w spektrum autyzmu .  Z moich do\u015bwiadcze\u0144 wynika \u017ce ogromn\u0105 rol\u0119 odgrywaj\u0105 tu nie tylko odpowiednie \u0107wiczenia, ale r\u00f3wnie\u017c empatia zrozumienie i bliska wsp\u00f3\u0142praca z rodzin\u0105. Je\u015bli zastanawiasz si\u0119, czy tego typu wsparcie jest potrzebne Waszemu dziecku, zapraszam do kontaktu. Wsp\u00f3lnie zadbamy o rozw\u00f3j Twojego malucha i sprawimy, \u017ce codzienne wyzwania stan\u0105 si\u0119 \u0142atwiejsze do pokonania. Razem mo\u017cemy sprawi\u0107, \u017ce terapia r\u0119ki ASD Olsztyn b\u0119dzie skuteczna i pe\u0142na rado\u015bci dla Twojego dziecka!<\/p>\n","protected":false},"excerpt":{"rendered":"<p>Terapia r\u0119ki ASD Olsztyn &#8211; Co to w\u0142a\u015bciwie oznacza? Jako terapeutka prowadz\u0105ca gabinet terapii integracji sensorycznej dla dzieci w Olsztynie bardzo cz\u0119sto spotykam si\u0119 z pytaniami rodzic\u00f3w o terapi\u0119 r\u0119ki w kontek\u015bcie spektrum autyzmu. \u201eCzy terapia r\u0119ki ASD Olsztyn jest dost\u0119pna i czy mo\u017ce przynie\u015b\u0107 pozytywne efekty mojemu dziecku?\u201d Pytania te nie s\u0105 zaskoczeniem bo [&hellip;]<\/p>\n","protected":false},"author":2,"featured_media":0,"comment_status":"open","ping_status":"open","sticky":false,"template":"","format":"standard","meta":{"footnotes":""},"categories":[6],"tags":[],"class_list":["post-2311","post","type-post","status-publish","format-standard","hentry","category-integracja-sensoryczna"],"_links":{"self":[{"href":"https:\/\/sensorini.pl\/integracja-sensoryczna\/wp-json\/wp\/v2\/posts\/2311","targetHints":{"allow":["GET"]}}],"collection":[{"href":"https:\/\/sensorini.pl\/integracja-sensoryczna\/wp-json\/wp\/v2\/posts"}],"about":[{"href":"https:\/\/sensorini.pl\/integracja-sensoryczna\/wp-json\/wp\/v2\/types\/post"}],"author":[{"embeddable":true,"href":"https:\/\/sensorini.pl\/integracja-sensoryczna\/wp-json\/wp\/v2\/users\/2"}],"replies":[{"embeddable":true,"href":"https:\/\/sensorini.pl\/integracja-sensoryczna\/wp-json\/wp\/v2\/comments?post=2311"}],"version-history":[{"count":0,"href":"https:\/\/sensorini.pl\/integracja-sensoryczna\/wp-json\/wp\/v2\/posts\/2311\/revisions"}],"wp:attachment":[{"href":"https:\/\/sensorini.pl\/integracja-sensoryczna\/wp-json\/wp\/v2\/media?parent=2311"}],"wp:term":[{"taxonomy":"category","embeddable":true,"href":"https:\/\/sensorini.pl\/integracja-sensoryczna\/wp-json\/wp\/v2\/categories?post=2311"},{"taxonomy":"post_tag","embeddable":true,"href":"https:\/\/sensorini.pl\/integracja-sensoryczna\/wp-json\/wp\/v2\/tags?post=2311"}],"curies":[{"name":"wp","href":"https:\/\/api.w.org\/{rel}","templated":true}]}}