{"id":2301,"date":"2026-03-08T17:01:12","date_gmt":"2026-03-08T16:01:12","guid":{"rendered":"https:\/\/sensorini.pl\/integracja-sensoryczna\/czemu-dziecko-nie-lubi-wycinania-nozyczkami"},"modified":"2026-03-08T17:01:12","modified_gmt":"2026-03-08T16:01:12","slug":"czemu-dziecko-nie-lubi-wycinania-nozyczkami","status":"publish","type":"post","link":"https:\/\/sensorini.pl\/integracja-sensoryczna\/czemu-dziecko-nie-lubi-wycinania-nozyczkami","title":{"rendered":"Czemu dziecko nie lubi wycinania no\u017cyczkami?"},"content":{"rendered":"<h2>Terapia r\u0119ki no\u017cyczki &#8211; dlaczego dziecko nie lubi wycinania?<\/h2>\n<p>\nProwadz\u0105c gabinet integracji sensorycznej w Olsztynie bardzo cz\u0119sto s\u0142ysz\u0119 od rodzic\u00f3w, \u017ce ich dzieci nie lubi\u0105 a wr\u0119cz unikaj\u0105 zabaw zwi\u0105zanych z wycinaniem . Dla wielu z nich terapia r\u0119ki no\u017cyczki staje si\u0119 kluczowa, gdy pojawiaj\u0105 si\u0119 trudno\u015bci w codziennych aktywno\u015bciach wymagaj\u0105cych precyzji d\u0142oni.  Dlaczego tak si\u0119 dzieje? Przyczyny mog\u0105 by\u0107 r\u00f3\u017cne &#8211; czasem to kwestia niedojrza\u0142o\u015bci pewnych umiej\u0119tno\u015bci manualnych, innym razem l\u0119k przed niepowodzeniem lub nieprzyjemne do\u015bwiadczenia zwi\u0105zane z u\u017cyciem no\u017cyczek.<\/p>\n<p>\nWarto pami\u0119ta\u0107 \u017ce terapia r\u0119ki no\u017cyczki nie polega wy\u0142\u0105cznie na mechanicznym \u0107wiczeniu ci\u0119cia. To ca\u0142y proces, podczas kt\u00f3rego rozwijamy koordynacj\u0119 wzrokowo-ruchow\u0105, w\u0142a\u015bciwy chwyt narz\u0119dzia oraz \u015bwiadomo\u015b\u0107 w\u0142asnego cia\u0142a.  Dziecko mo\u017ce unika\u0107 tej czynno\u015bci, je\u015bli jego uk\u0142ad prioprioreceptywny lub dotykowy nadal si\u0119 organizuje. W takich przypadkach cz\u0119sto rekomenduj\u0119, by wykona\u0107 odpowiedni\u0105 diagnoz\u0119 przetwarzania sensorycznego co mo\u017cna zrobi\u0107 w lokalnych, sprawdzonych plac\u00f3wkach . Je\u015bli chc\u0105 Pa\u0144stwo dowiedzie\u0107 si\u0119, gdzie w Olsztynie mo\u017cna wykona\u0107 <a href=\"https:\/\/sensorini.pl\/integracja-sensoryczna\/gdzie-w-olsztynie-zrobic-diagnoze-przetwarzania-sensorycznego-dla-asd\">diagnoz\u0119 przetwarzania sensorycznego dla dzieci ze spektrum autyzmu<\/a>, polecam zapozna\u0107 si\u0119 ze wskaz\u00f3wkami na naszym blogu. <\/p>\n<h2>Terapia r\u0119ki no\u017cyczki a bariery sensoryczne<\/h2>\n<p>\nDzieci, kt\u00f3re maj\u0105 trudno\u015bci z akceptacj\u0105 ci\u0119cia no\u017cyczkami, bardzo cz\u0119sto zmagaj\u0105 si\u0119 z niedostatecznie rozwini\u0119tym czuciem g\u0142\u0119bokim lub nadwra\u017cliwo\u015bci\u0105 dotykow\u0105.  Terapia r\u0119ki no\u017cyczki pozwala stopniowo wprowadza\u0107 dziecko w czynno\u015bci wymagaj\u0105ce nacisku, manipulowania i koordynacji ruchowej. W mojej codziennej pracy korzystam z bogatego wachlarza \u0107wicze\u0144, dobieranych indywidualnie do potrzeb ka\u017cdego dziecka . Cz\u0119sto okazuje si\u0119 \u017ce ju\u017c samo wymy\u015blenie zabawy w kt\u00f3rej no\u017cyczki s\u0105 nieod\u0142\u0105cznym narz\u0119dziem, \u0142agodzi op\u00f3r i buduje pozytywn\u0105 relacj\u0119 z t\u0105 czynno\u015bci\u0105.<\/p>\n<h2>Terapia r\u0119ki no\u017cyczki jako element wsparcia rozwoju emocjonalnego<\/h2>\n<p>\nNie ka\u017cdy wie, \u017ce terapia r\u0119ki no\u017cyczki oddzia\u0142uje nie tylko na rozw\u00f3j motoryki, ale tak\u017ce na emocje. Dzieci, kt\u00f3re nie lubi\u0105 wycinania, mog\u0105 odczuwa\u0107 napi\u0119cie i frustracj\u0119. Odpowiednia diagnoza oraz indywidualnie dobrana strategia wsparcia pomagaj\u0105 wyj\u015b\u0107 z tego b\u0142\u0119dnego ko\u0142a. Cz\u0119sto przy okazji rozm\u00f3w z rodzicami polecam zapozna\u0107 si\u0119 z tematem, jak <a href=\"https:\/\/sensorini.pl\/integracja-sensoryczna\/czy-si-pomaga-na-napady-zlosci-i-frustracje\">integracja sensoryczna mo\u017ce pomaga\u0107 na napady z\u0142o\u015bci i frustracji<\/a>. W\u0142\u0105czenie \u0107wicze\u0144 z u\u017cyciem no\u017cyczek do codziennej terapii pozwala dziecku nie tylko naby\u0107 nowe umiej\u0119tno\u015bci, ale daje szans\u0119 poczu\u0107 rado\u015b\u0107 z pokonywania w\u0142asnych granic. <\/p>\n<h2>Terapia r\u0119ki no\u017cyczki &#8211; praktyczne wskaz\u00f3wki dla rodzic\u00f3w<\/h2>\n<p>\nWa\u017cne jest, by wspiera\u0107 dziecko w nauce wycinania cierpliwie i z empati\u0105. Terapia r\u0119ki no\u017cyczki nie musi by\u0107 nudna ani m\u0119cz\u0105ca. Kreatywne pomys\u0142y &#8211; jak wsp\u00f3lne tworzenie laurek, dekoracji czy udzia\u0142 w prostych projektach plastycznych &#8211; mog\u0105 zach\u0119ci\u0107 malucha do prze\u0142amania oporu.  Ka\u017cdy sukces, nawet najmniejszy, daje motywacj\u0119 do dalszej pracy. Z dow\u015biadczenia wiem \u017ce dzieci bardzo lubi\u0105, gdy ich post\u0119py s\u0105 zauwa\u017cane i doceniane . <\/p>\n<h2>Terapia r\u0119ki no\u017cyczki &#8211; wszechstronne korzy\u015bci dla dziecka<\/h2>\n<p>\nW trakcie realizacji terapii r\u0119ki no\u017cyczki u dzieci dochodzi nie tylko do poprawy koordynacji, ale tak\u017ce wzrostu wiary we w\u0142asne mo\u017cliwo\u015bci. Dziecko, kt\u00f3re pokonuje swoje trudno\u015bci staje si\u0119 bardziej otwarte radzi sobie lepiej w grupie r\u00f3wie\u015bniczej, a nawet ma szans\u0119 na lepsz\u0105 koncentracj\u0119.  Je\u015bli dodatkowo Twoje dziecko wykazuje oznaki nadpobudliwo\u015bci, warto zastanowi\u0107 si\u0119 jak wspiera\u0107 je tak\u017ce w tym aspekcie.  Zapraszam do lektury materia\u0142u <a href=\"https:\/\/sensorini.pl\/integracja-sensoryczna\/si-a-nadpobudliwosc-jak-pomoc-dziecku\">o tym jak integracja sensoryczna pomaga radzi\u0107 sobie z nadpobudliwo\u015bci\u0105<\/a>. <\/p>\n<h2>Podsumowanie: terapia r\u0119ki no\u017cyczki jako szansa na sukces<\/h2>\n<p>\nNie ka\u017cde dziecko od razu polubi prac\u0119 z no\u017cyczkami jednak terapia r\u0119ki no\u017cyczki stanowi \u015bwietn\u0105 okazj\u0119 do wszechstronnego rozwoju.  W moim gabinecie w Olsztynie staram si\u0119 tworzy\u0107 przestrze\u0144, gdzie ka\u017cdy ma\u0142y pacjent czuje si\u0119 bezpiecznie i mo\u017ce rozwija\u0107 si\u0119 we w\u0142asnym tempie.  Wsp\u00f3lne pokonywanie trudno\u015bci daje mn\u00f3stwo satysfakcji tak\u017ce rodzicom . Zach\u0119cam wi\u0119c serdecznie, by w przypadku jakichkolwiek w\u0105tpliwo\u015bci lub trudno\u015bci w wycinaniu, rozwa\u017cy\u0107 profesjonaln\u0105 konsultacj\u0119 sensoryczn\u0105 i nie poddawa\u0107 si\u0119 po pierwszych niepowodzeniach. Ta droga prowadzi nie tylko do lepszych umiej\u0119tno\u015bci manualnych, ale tak\u017ce silniejszego poczucia w\u0142asnej warto\u015bci u dziecka . <\/p>\n","protected":false},"excerpt":{"rendered":"<p>Terapia r\u0119ki no\u017cyczki &#8211; dlaczego dziecko nie lubi wycinania? Prowadz\u0105c gabinet integracji sensorycznej w Olsztynie bardzo cz\u0119sto s\u0142ysz\u0119 od rodzic\u00f3w, \u017ce ich dzieci nie lubi\u0105 a wr\u0119cz unikaj\u0105 zabaw zwi\u0105zanych z wycinaniem . Dla wielu z nich terapia r\u0119ki no\u017cyczki staje si\u0119 kluczowa, gdy pojawiaj\u0105 si\u0119 trudno\u015bci w codziennych aktywno\u015bciach wymagaj\u0105cych precyzji d\u0142oni. Dlaczego tak [&hellip;]<\/p>\n","protected":false},"author":2,"featured_media":0,"comment_status":"open","ping_status":"open","sticky":false,"template":"","format":"standard","meta":{"footnotes":""},"categories":[6],"tags":[],"class_list":["post-2301","post","type-post","status-publish","format-standard","hentry","category-integracja-sensoryczna"],"_links":{"self":[{"href":"https:\/\/sensorini.pl\/integracja-sensoryczna\/wp-json\/wp\/v2\/posts\/2301","targetHints":{"allow":["GET"]}}],"collection":[{"href":"https:\/\/sensorini.pl\/integracja-sensoryczna\/wp-json\/wp\/v2\/posts"}],"about":[{"href":"https:\/\/sensorini.pl\/integracja-sensoryczna\/wp-json\/wp\/v2\/types\/post"}],"author":[{"embeddable":true,"href":"https:\/\/sensorini.pl\/integracja-sensoryczna\/wp-json\/wp\/v2\/users\/2"}],"replies":[{"embeddable":true,"href":"https:\/\/sensorini.pl\/integracja-sensoryczna\/wp-json\/wp\/v2\/comments?post=2301"}],"version-history":[{"count":0,"href":"https:\/\/sensorini.pl\/integracja-sensoryczna\/wp-json\/wp\/v2\/posts\/2301\/revisions"}],"wp:attachment":[{"href":"https:\/\/sensorini.pl\/integracja-sensoryczna\/wp-json\/wp\/v2\/media?parent=2301"}],"wp:term":[{"taxonomy":"category","embeddable":true,"href":"https:\/\/sensorini.pl\/integracja-sensoryczna\/wp-json\/wp\/v2\/categories?post=2301"},{"taxonomy":"post_tag","embeddable":true,"href":"https:\/\/sensorini.pl\/integracja-sensoryczna\/wp-json\/wp\/v2\/tags?post=2301"}],"curies":[{"name":"wp","href":"https:\/\/api.w.org\/{rel}","templated":true}]}}