{"id":2300,"date":"2026-03-08T16:01:11","date_gmt":"2026-03-08T15:01:11","guid":{"rendered":"https:\/\/sensorini.pl\/integracja-sensoryczna\/moje-dziecko-meczy-sie-podczas-rysowania-dlaczego"},"modified":"2026-03-08T16:01:11","modified_gmt":"2026-03-08T15:01:11","slug":"moje-dziecko-meczy-sie-podczas-rysowania-dlaczego","status":"publish","type":"post","link":"https:\/\/sensorini.pl\/integracja-sensoryczna\/moje-dziecko-meczy-sie-podczas-rysowania-dlaczego","title":{"rendered":"Moje dziecko m\u0119czy si\u0119 podczas rysowania \u2013 dlaczego?"},"content":{"rendered":"<h2>Terapia r\u0119ki m\u0119czliwo\u015b\u0107 &#8211; gdy dziecko szybko si\u0119 m\u0119czy podczas rysowania<\/h2>\n<p>\nJestem terapeutk\u0105, kt\u00f3ra na co dzie\u0144 pracuje z najm\u0142odszymi w gabinecie integracji sensorycznej w Olsztynie. Jednym z cz\u0119stych problem\u00f3w zg\u0142aszanych przez rodzic\u00f3w jest m\u0119czliwo\u015b\u0107 r\u0119ki, czyli szybkie zm\u0119czenie podczas czynno\u015bci wymagaj\u0105cych precyzji, takich jak rysowanie, kolorowanie czy pisanie. Pojawia si\u0119 w\u00f3wczas pytanie: <strong>dlaczego moje dziecko m\u0119czy si\u0119 podczas rysowania?<\/strong> M\u0119czliwo\u015b\u0107 r\u0105k mo\u017ce wydawa\u0107 si\u0119 b\u0142ahostk\u0105, jednak dla dzieci w wieku przedszkolnym i wczesnoszkolnym to spore wyzwanie kt\u00f3re wp\u0142ywa na pewno\u015b\u0107 siebie i ch\u0119\u0107 do podejmowania nowych aktywno\u015bci.\n<\/p>\n<p>\nNie zawsze s\u0142absza motywacja do rysowania wynika z braku zainteresowa\u0144. Cz\u0119sto powodem s\u0105 trudno\u015bci sensoryczno-motoryczne, przez kt\u00f3re nawet kr\u00f3tka chwila z kredkami k\u0144oczy si\u0119 zm\u0119czeniem, b\u00f3lem, a nawet zniech\u0119ceniem. Je\u017celi zauwa\u017casz, \u017ce Twoje dziecko zbyt szybko si\u0119 poddaje warto rozwa\u017cy\u0107 konsultacj\u0119 terapeutyczn\u0105.  Wi\u0119cej o tym, jak integracja sensoryczna wp\u0142ywa na koordynacj\u0119 ruchow\u0105, przeczytasz w artykule <a href=\"https:\/\/sensorini.pl\/integracja-sensoryczna\/integracja-sensoryczna-a-koordynacja-ruchowa\">dotycz\u0105ycm koordynacji ruchowej i integracji sensorycznej<\/a>.\n<\/p>\n<h2>Terapia r\u0119ki m\u0119czliwo\u015b\u0107 &#8211; jakie s\u0105 g\u0142\u00f3wne przyczyny problemu?<\/h2>\n<p>\nProblemy z m\u0119czliwo\u015bci\u0105 r\u0119ki mog\u0105 wynika\u0107 z wielu czynnik\u00f3w. Cz\u0119sto obserwuj\u0119 u dzieci trundo\u015bci z odpowiednim napi\u0119ciem mi\u0119\u015bniowym w obr\u0119bie d\u0142oni i palc\u00f3w, zaburzenia czucia g\u0142\u0119bokiego czy s\u0142ab\u0105 precyzj\u0119 ruch\u00f3w.  U niekt\u00f3rych dzieci te trudno\u015bci mog\u0105 by\u0107 zwi\u0105zane z nieprawid\u0142ow\u0105 integracj\u0105 sensoryczn\u0105.  Nierzadko okazuje si\u0119, \u017ce ju\u017c niewielka ilo\u015b\u0107 czynno\u015bci manualnych takich jak rysowanie czy lepienie plastelin\u0105, prowadzi do uczucia zm\u0119czenia, sztywno\u015bci lub nawet b\u00f3lu. Taka sytuacja wymaga odpowiedniej diagnozy oraz dalszej terapii.\n<\/p>\n<p>\nTerapia r\u0119ki m\u0119czliwo\u015b\u0107 obejmuje indywidualnie dobrane \u0107wiczenia, kt\u00f3re wzmacniaj\u0105 mi\u0119\u015bnie d\u0142oni, poprawiaj\u0105 koordynacj\u0119 oko-r\u0119ka oraz wspieraj\u0105 rozw\u00f3j sensoryczny dziecka.  Wielu rodzic\u00f3w nie zdaje sobie sprawy, jak du\u017cy wp\u0142yw na codzienne funkcjonowanie ma sprawno\u015b\u0107 r\u0119ki.  Je\u015bli zastanawiasz si\u0119, <a href=\"https:\/\/sensorini.pl\/integracja-sensoryczna\/diagnoza-sensoryczna-w-olsztynie-kiedy-udac-sie-z-dzieckiem-do-specjalisty\">kiedy warto uda\u0107 si\u0119 na diagnoz\u0119 sensoryczn\u0105<\/a> zawsze warto konsultowa\u0107 niepokoj\u0105ce objawy z terapeut\u0105 SI.\n<\/p>\n<h2>Terapia r\u0119ki m\u0119czliwo\u015b\u0107 &#8211; jak wygl\u0105da wsparcie w praktyce?<\/h2>\n<p>\nPodczas pracy w gabinecie terapii r\u0119ki skupiam si\u0119 na wzmacnianiu mi\u0119\u015bni, poprawie precyzji i d\u0142ugotrwa\u0142o\u015bci chwytu oraz usprawnianiu ruch\u00f3w d\u0142oni i pacl\u00f3w. Terapia r\u0119ki m\u0119czliwo\u015b\u0107 wymaga systematycznych \u0107wicze\u0144 i regularnych konsultacji dzi\u0119ki czemu stopniowo budujemy wytrzyma\u0142o\u015b\u0107 dziecka i eliminujemy jego trudno\u015bci. Stosuj\u0119 zar\u00f3wno klasyczne metody rehabilitacji r\u0119ki jak i elementy integracji sensorycznej co pozwala holistycznie wesprze\u0107 m\u0142odego cz\u0142owieka. Dzieci, kt\u00f3re systematycznie korzystaj\u0105 z takiej terapii, staj\u0105 si\u0119 bardziej pewne siebie, a ich rysunki czy prace manualne zyskuj\u0105 na jako\u015bci.\n<\/p>\n<p>\nWarto pami\u0119ta\u0107, \u017ce ka\u017cde dziecko jest inne i wymaga indywidualnego podej\u015bcia. To, co jednemu pomaga szybko pokona\u0107 m\u0119czliwo\u015b\u0107, innemu mo\u017ce wymaga\u0107 wi\u0119cej czasu i cierpliwo\u015bci. Dlatego praca terapeutyczna jest tak wa\u017cna &#8211; tylko wtedy mo\u017cna osi\u0105gn\u0105\u0107 trwa\u0142e efekty.\n<\/p>\n<h2>Terapia r\u0119ki m\u0119czliwo\u015b\u0107 &#8211; wsparcie dla ca\u0142ej rodziny<\/h2>\n<p>\nCz\u0119sto powtarzam rodzicom, \u017ce terapia r\u0119ki m\u0119czliwo\u015b\u0107 to proces, w kt\u00f3rym dziecko potrzebuje partnerskiego wsparcia. Drobne zmiany w codzienno\u015bci, wsp\u00f3lne malowanie lepienie czy konstruowanie, potrafi\u0105 zdzia\u0142a\u0107 cuda w budowaniu wytrzyma\u0142o\u015bci r\u0105czki dziecka.  Zach\u0119cam do obserwacji i konsultowania z terapeut\u0105 wszelkich zmian lub niepokoj\u0105cych objaw\u00f3w. Je\u015bli Twoje dziecko mierzy si\u0119 dodatkowo z innymi trudno\u015bciami, jak np. problemy ze snem, mo\u017cesz dowiedzie\u0107 si\u0119 wi\u0119cej, <a href=\"https:\/\/sensorini.pl\/integracja-sensoryczna\/czy-si-pomoze-dziecku-lepiej-spac\">czy integracja sensoryczna mo\u017ce pom\u00f3c dziecku lepiej spa\u0107<\/a>.\n<\/p>\n<h2>Podsumowanie &#8211; terapia r\u0119ki m\u0119czliwo\u015b\u0107 daje szans\u0119 na sukces<\/h2>\n<p>\nDzi\u0119ki indywidualnej terapii r\u0119ki m\u0119czliwo\u015b\u0107 nie musi d\u0142u\u017cej by\u0107 przeszkod\u0105 w rozwoju Twojego dziecka. Kluczowa jest szybka reakcja na pierwsze objawy oraz cierpliwo\u015b\u0107 w budowaniu sprawno\u015bci d\u0142oni.  Podej\u015bcie oparte na zrozumieniu i wsparciu przynosi trwa\u0142e efekty. Je\u017celi zastanawiasz si\u0119, jak jeszcze mo\u017cesz pom\u00f3c swojemu dziecku lub masz pytania dotycz\u0105ce terapii r\u0119ki m\u0119czliwo\u015b\u0107, zapraszam na konsultacj\u0119 oraz do dalszej lektury dost\u0119pnych materia\u0142\u00f3w na stronie.<\/p>\n","protected":false},"excerpt":{"rendered":"<p>Terapia r\u0119ki m\u0119czliwo\u015b\u0107 &#8211; gdy dziecko szybko si\u0119 m\u0119czy podczas rysowania Jestem terapeutk\u0105, kt\u00f3ra na co dzie\u0144 pracuje z najm\u0142odszymi w gabinecie integracji sensorycznej w Olsztynie. Jednym z cz\u0119stych problem\u00f3w zg\u0142aszanych przez rodzic\u00f3w jest m\u0119czliwo\u015b\u0107 r\u0119ki, czyli szybkie zm\u0119czenie podczas czynno\u015bci wymagaj\u0105cych precyzji, takich jak rysowanie, kolorowanie czy pisanie. Pojawia si\u0119 w\u00f3wczas pytanie: dlaczego moje [&hellip;]<\/p>\n","protected":false},"author":2,"featured_media":0,"comment_status":"open","ping_status":"open","sticky":false,"template":"","format":"standard","meta":{"footnotes":""},"categories":[6],"tags":[],"class_list":["post-2300","post","type-post","status-publish","format-standard","hentry","category-integracja-sensoryczna"],"_links":{"self":[{"href":"https:\/\/sensorini.pl\/integracja-sensoryczna\/wp-json\/wp\/v2\/posts\/2300","targetHints":{"allow":["GET"]}}],"collection":[{"href":"https:\/\/sensorini.pl\/integracja-sensoryczna\/wp-json\/wp\/v2\/posts"}],"about":[{"href":"https:\/\/sensorini.pl\/integracja-sensoryczna\/wp-json\/wp\/v2\/types\/post"}],"author":[{"embeddable":true,"href":"https:\/\/sensorini.pl\/integracja-sensoryczna\/wp-json\/wp\/v2\/users\/2"}],"replies":[{"embeddable":true,"href":"https:\/\/sensorini.pl\/integracja-sensoryczna\/wp-json\/wp\/v2\/comments?post=2300"}],"version-history":[{"count":0,"href":"https:\/\/sensorini.pl\/integracja-sensoryczna\/wp-json\/wp\/v2\/posts\/2300\/revisions"}],"wp:attachment":[{"href":"https:\/\/sensorini.pl\/integracja-sensoryczna\/wp-json\/wp\/v2\/media?parent=2300"}],"wp:term":[{"taxonomy":"category","embeddable":true,"href":"https:\/\/sensorini.pl\/integracja-sensoryczna\/wp-json\/wp\/v2\/categories?post=2300"},{"taxonomy":"post_tag","embeddable":true,"href":"https:\/\/sensorini.pl\/integracja-sensoryczna\/wp-json\/wp\/v2\/tags?post=2300"}],"curies":[{"name":"wp","href":"https:\/\/api.w.org\/{rel}","templated":true}]}}